{"id":177,"date":"2026-09-03T12:08:32","date_gmt":"2026-09-03T18:08:32","guid":{"rendered":"https:\/\/solar895.com\/?p=177"},"modified":"2026-09-03T12:08:32","modified_gmt":"2026-09-03T18:08:32","slug":"que-caida-la-caida-de-shakira-en-el-salvador","status":"publish","type":"post","link":"https:\/\/solar895.com\/?p=177","title":{"rendered":"\u201c\u00a1Qu\u00e9 ca\u00edda!\u201d: la ca\u00edda de Shakira en El Salvador"},"content":{"rendered":"\n<figure class=\"wp-block-video\"><\/figure>\n\n\n\n<p class=\"wp-block-paragraph\">\u201c<strong>Qu\u00e9 ca\u00edda\u201d,<\/strong>\u00a0dijo la cantante colombiana sonriendo a sus fans.\u00a0<\/p>\n\n\n\n<p class=\"wp-block-paragraph\">Momentos antes, debutaba con micr\u00f3fono en mano, bailando y cantando la canci\u00f3n \u201cSi te vas\u201d. Tras asombrar al p\u00fablico con su manejo del micr\u00f3fono, comenz\u00f3 a desplazarse por el escenario, momento en el que se not\u00f3 que su tac\u00f3n se dobl\u00f3.<\/p>\n\n\n\n<p class=\"wp-block-paragraph\">Luego de que resbalara, se puso de pie inmediatamente e inici\u00f3 a ser ovacionada por el p\u00fablico.&nbsp;<\/p>\n","protected":false},"excerpt":{"rendered":"<p>\u201cQu\u00e9 ca\u00edda\u201d,\u00a0dijo la cantante colombiana sonriendo a sus fans.\u00a0 Momentos antes, debutaba con micr\u00f3fono en mano, bailando y cantando la canci\u00f3n \u201cSi<\/p>\n<p class=\"link-more\"><a class=\"myButt \" href=\"https:\/\/solar895.com\/?p=177\">Read More<\/a><\/p>\n","protected":false},"author":2,"featured_media":0,"comment_status":"closed","ping_status":"","sticky":false,"template":"","format":"standard","meta":{"footnotes":"","jetpack_publicize_message":"","jetpack_publicize_feature_enabled":true,"jetpack_social_post_already_shared":true,"jetpack_social_options":{"image_generator_settings":{"template":"highway","default_image_id":0,"font":"","enabled":false},"version":2}},"categories":[1],"tags":[],"class_list":["post-177","post","type-post","status-publish","format-standard","hentry","category-uncategorized"],"jetpack_publicize_connections":[],"_links":{"self":[{"href":"https:\/\/solar895.com\/index.php?rest_route=\/wp\/v2\/posts\/177","targetHints":{"allow":["GET"]}}],"collection":[{"href":"https:\/\/solar895.com\/index.php?rest_route=\/wp\/v2\/posts"}],"about":[{"href":"https:\/\/solar895.com\/index.php?rest_route=\/wp\/v2\/types\/post"}],"author":[{"embeddable":true,"href":"https:\/\/solar895.com\/index.php?rest_route=\/wp\/v2\/users\/2"}],"replies":[{"embeddable":true,"href":"https:\/\/solar895.com\/index.php?rest_route=%2Fwp%2Fv2%2Fcomments&post=177"}],"version-history":[{"count":1,"href":"https:\/\/solar895.com\/index.php?rest_route=\/wp\/v2\/posts\/177\/revisions"}],"predecessor-version":[{"id":346,"href":"https:\/\/solar895.com\/index.php?rest_route=\/wp\/v2\/posts\/177\/revisions\/346"}],"wp:attachment":[{"href":"https:\/\/solar895.com\/index.php?rest_route=%2Fwp%2Fv2%2Fmedia&parent=177"}],"wp:term":[{"taxonomy":"category","embeddable":true,"href":"https:\/\/solar895.com\/index.php?rest_route=%2Fwp%2Fv2%2Fcategories&post=177"},{"taxonomy":"post_tag","embeddable":true,"href":"https:\/\/solar895.com\/index.php?rest_route=%2Fwp%2Fv2%2Ftags&post=177"}],"curies":[{"name":"wp","href":"https:\/\/api.w.org\/{rel}","templated":true}]}}