{"id":333,"date":"2026-09-03T12:07:31","date_gmt":"2026-09-03T18:07:31","guid":{"rendered":"https:\/\/solar895.com\/?p=333"},"modified":"2026-09-03T12:07:31","modified_gmt":"2026-09-03T18:07:31","slug":"gloria-estefan-celebra-50-anos-de-carrera-con-raices-una-oda-a-la-familia-la-musica-y-el-renacer","status":"publish","type":"post","link":"https:\/\/solar895.com\/?p=333","title":{"rendered":"Gloria Estefan celebra 50 a\u00f1os de carrera con \u201cRa\u00edces\u201d: una oda a la familia, la m\u00fasica y el renacer"},"content":{"rendered":"\n<p class=\"has-medium-font-size wp-block-paragraph\">Pocas artistas en el mundo han marcado generaciones con tanto impacto como&nbsp;<strong>Gloria Estefan<\/strong>. \u00cdcono de la m\u00fasica latina y figura clave en el crossover cultural de nuestra m\u00fasica, hoy celebra&nbsp;<strong>medio siglo de carrera<\/strong>&nbsp;con el lanzamiento de su nuevo disco&nbsp;<strong>\u201cRa\u00edces\u201d<\/strong>, una producci\u00f3n profundamente personal que rinde homenaje a su historia, sus ra\u00edces y su familia.<\/p>\n\n\n\n<p class=\"has-medium-font-size wp-block-paragraph\">En una entrevista \u00edntima con La Gatita para LaMusica, Gloria nos abri\u00f3 el coraz\u00f3n y comparti\u00f3 los detalles detr\u00e1s de este proyecto tan significativo, que llega acompa\u00f1ado por un poderoso video filmado en el hist\u00f3rico&nbsp;<strong>Fairchild Tropical Botanic Garden<\/strong>&nbsp;de Miami. Descalza, rodeada de \u00e1rboles, la artista conecta con su pasado, su presente y todo lo que la form\u00f3: \u201cQuer\u00eda recordarle a todo el mundo que somos parte de la naturaleza, igual de importantes que un \u00e1rbol o un animalito.\u201d<\/p>\n\n\n<div class=\"wp-block-image\">\n<figure class=\"aligncenter size-full is-resized\"><img loading=\"lazy\" decoding=\"async\" width=\"399\" height=\"501\" src=\"https:\/\/solar895.com\/wp-content\/uploads\/2026\/08\/image-12.png\" alt=\"\" class=\"wp-image-334\" style=\"width:399px;height:auto\" srcset=\"https:\/\/solar895.com\/wp-content\/uploads\/2026\/08\/image-12.png 399w, https:\/\/solar895.com\/wp-content\/uploads\/2026\/08\/image-12-239x300.png 239w\" sizes=\"auto, (max-width: 399px) 100vw, 399px\" \/><\/figure>\n<\/div>\n\n\n<h3 class=\"wp-block-heading\">Un regreso al espa\u00f1ol\u2026 y a lo esencial<\/h3>\n\n\n\n<p class=\"has-medium-font-size wp-block-paragraph\">Despu\u00e9s de varios proyectos musicales en ingl\u00e9s, bossa nova y colaboraciones navide\u00f1as, Gloria sent\u00eda que hab\u00eda llegado el momento de regresar a la m\u00fasica in\u00e9dita en su idioma natal. Fue Emilio, su esposo y productor de toda la vida, quien le present\u00f3 la canci\u00f3n \u201cRa\u00edces\u201d. \u201cYo le dije:&nbsp;<em>si hago otro disco, quiero que sea en espa\u00f1ol, tropical, que celebre de d\u00f3nde venimos<\/em>\u201d, confes\u00f3.<\/p>\n\n\n\n<p class=\"has-medium-font-size wp-block-paragraph\">Durante dos a\u00f1os, Emilio trabaj\u00f3 en silencio en la producci\u00f3n musical, arreglos y selecci\u00f3n de canciones. El resultado es una obra cargada de historia, emoci\u00f3n y sonoridad moderna, con colaboraciones especiales como&nbsp;<strong>Shakira, Sam Smith, y su nieto Sasha<\/strong>, entre otros. Gloria, conmovida, agradece la generosidad de sus colegas: \u201cFue un honor y una sorpresa que todos quisieran aportar su voz a este disco. Lo hicieron por cari\u00f1o, no porque les tocara.\u201d<\/p>\n\n\n\n<h3 class=\"wp-block-heading\">Su historia, su fuerza, su legado<\/h3>\n\n\n\n<p class=\"has-medium-font-size wp-block-paragraph\">Hablar con Gloria es recordar la importancia de la&nbsp;<strong>resiliencia<\/strong>. Desde su llegada a Estados Unidos como ni\u00f1a migrante, hasta su recuperaci\u00f3n milagrosa tras el accidente que casi le quit\u00f3 la movilidad, su vida ha sido un testimonio de fe, disciplina y amor profundo por la familia. \u201cMi cuerpo que conoc\u00eda muri\u00f3 ese d\u00eda. Pero decid\u00ed que cada paso que pudiera dar, lo iba a dar. D\u00eda a d\u00eda. Hasta volver a caminar, hasta volver a cantar.\u201d<\/p>\n\n\n\n<p class=\"has-medium-font-size wp-block-paragraph\">Y lo hizo. Su regreso al escenario fue una muestra de fuerza que todav\u00eda emociona a quienes la admiran. Hoy, esa misma energ\u00eda es la que la impulsa a apoyar nuevas generaciones de artistas como Shakira, Camila Cabello, y muchos m\u00e1s: \u201cSiempre he tratado de extender la mano. A m\u00ed tambi\u00e9n me dijeron que no muchas veces, por ser mujer, por ser cubana, por tener acento.\u201d<\/p>\n\n\n<div class=\"wp-block-image\">\n<figure class=\"aligncenter size-full is-resized\"><img loading=\"lazy\" decoding=\"async\" width=\"547\" height=\"365\" src=\"https:\/\/solar895.com\/wp-content\/uploads\/2026\/08\/image-14.png\" alt=\"\" class=\"wp-image-336\" style=\"width:547px;height:auto\" srcset=\"https:\/\/solar895.com\/wp-content\/uploads\/2026\/08\/image-14.png 547w, https:\/\/solar895.com\/wp-content\/uploads\/2026\/08\/image-14-300x200.png 300w\" sizes=\"auto, (max-width: 547px) 100vw, 547px\" \/><\/figure>\n<\/div>\n\n\n<h3 class=\"wp-block-heading has-large-font-size\">La mujer detr\u00e1s del \u00edcono<\/h3>\n\n\n\n<p class=\"has-medium-font-size wp-block-paragraph\">M\u00e1s all\u00e1 de los premios, los escenarios y los r\u00e9cords, Gloria se define por su&nbsp;<strong>rol como madre y abuela<\/strong>. Habla con ternura de sus nietos, del equilibrio que ha logrado entre su vida profesional y familiar, y de c\u00f3mo ha elegido siempre estar presente en los momentos clave: \u201cHay que saber escoger. A veces no se trata de estar todo el d\u00eda con tus hijos, sino de estar de verdad. Una hora de calidad vale m\u00e1s que un d\u00eda entero sin conexi\u00f3n.\u201d<\/p>\n\n\n\n<p class=\"has-medium-font-size wp-block-paragraph\">Este mayo, que ha resultado simb\u00f3licamente poderoso para su carrera, no solo marca el lanzamiento de&nbsp;<em>Ra\u00edces<\/em>, sino tambi\u00e9n el debut del musical&nbsp;<strong>\u201cBasura\u201d<\/strong>&nbsp;junto a su hija Emily, su ingreso al&nbsp;<strong>Sal\u00f3n de la Fama en Italia<\/strong>, y el rodaje de una nueva pel\u00edcula. A sus 50 a\u00f1os de carrera, Gloria no desacelera. Al contrario, florece con m\u00e1s fuerza que nunca.<\/p>\n\n\n\n<h3 class=\"wp-block-heading has-large-font-size\"><strong>Gloria Estefan se suma a&nbsp;<em>Gabby\u2019s Dollhouse: The Movie<\/em>&nbsp;como la abuela GiGi<\/strong><\/h3>\n\n\n\n<p class=\"has-medium-font-size wp-block-paragraph\">Adem\u00e1s de conservar su reinado en la m\u00fasica latina, Gloria Estefan seguir\u00e1 expandiendo su legado en el cine familiar con su participaci\u00f3n en&nbsp;<em>Gabby\u2019s Dollhouse: The Movie<\/em>. La pel\u00edcula, una producci\u00f3n de DreamWorks Animation que combina acci\u00f3n real con animaci\u00f3n, presenta a Gloria como la abuela GiGi de la protagonista Gabby. Junto a figuras como Kristen Wiig y Laila Lockhart Kraner, la cinta llegar\u00e1 a los cines de E.U. el&nbsp;<strong>26 de septiembre de 2025<\/strong>, justo en plena celebraci\u00f3n de los 50 a\u00f1os de Gloria en la industria musical. Este papel no solo destaca la versatilidad de la artista, sino su conexi\u00f3n sincera con p\u00fablicos de todas las edades.<\/p>\n","protected":false},"excerpt":{"rendered":"<p>Pocas artistas en el mundo han marcado generaciones con tanto impacto como&nbsp;Gloria Estefan. \u00cdcono de la m\u00fasica latina y figura clave en<\/p>\n<p class=\"link-more\"><a class=\"myButt \" href=\"https:\/\/solar895.com\/?p=333\">Read More<\/a><\/p>\n","protected":false},"author":2,"featured_media":0,"comment_status":"closed","ping_status":"","sticky":false,"template":"","format":"standard","meta":{"footnotes":"","jetpack_publicize_message":"","jetpack_publicize_feature_enabled":true,"jetpack_social_post_already_shared":true,"jetpack_social_options":{"image_generator_settings":{"template":"highway","default_image_id":0,"font":"","enabled":false},"version":2}},"categories":[1],"tags":[],"class_list":["post-333","post","type-post","status-publish","format-standard","hentry","category-uncategorized"],"jetpack_publicize_connections":[],"_links":{"self":[{"href":"https:\/\/solar895.com\/index.php?rest_route=\/wp\/v2\/posts\/333","targetHints":{"allow":["GET"]}}],"collection":[{"href":"https:\/\/solar895.com\/index.php?rest_route=\/wp\/v2\/posts"}],"about":[{"href":"https:\/\/solar895.com\/index.php?rest_route=\/wp\/v2\/types\/post"}],"author":[{"embeddable":true,"href":"https:\/\/solar895.com\/index.php?rest_route=\/wp\/v2\/users\/2"}],"replies":[{"embeddable":true,"href":"https:\/\/solar895.com\/index.php?rest_route=%2Fwp%2Fv2%2Fcomments&post=333"}],"version-history":[{"count":1,"href":"https:\/\/solar895.com\/index.php?rest_route=\/wp\/v2\/posts\/333\/revisions"}],"predecessor-version":[{"id":344,"href":"https:\/\/solar895.com\/index.php?rest_route=\/wp\/v2\/posts\/333\/revisions\/344"}],"wp:attachment":[{"href":"https:\/\/solar895.com\/index.php?rest_route=%2Fwp%2Fv2%2Fmedia&parent=333"}],"wp:term":[{"taxonomy":"category","embeddable":true,"href":"https:\/\/solar895.com\/index.php?rest_route=%2Fwp%2Fv2%2Fcategories&post=333"},{"taxonomy":"post_tag","embeddable":true,"href":"https:\/\/solar895.com\/index.php?rest_route=%2Fwp%2Fv2%2Ftags&post=333"}],"curies":[{"name":"wp","href":"https:\/\/api.w.org\/{rel}","templated":true}]}}