{"id":92,"date":"2025-05-23T17:28:41","date_gmt":"2025-05-23T23:28:41","guid":{"rendered":"https:\/\/solar895.com\/?p=92"},"modified":"2025-05-23T17:28:41","modified_gmt":"2025-05-23T23:28:41","slug":"feid-se-muestra-autentico-y-transmite-la-esencia-del-rap-clasico-desde-su-versatilidad-artistica-en-su-nuevo-sencillo-ando-xxil","status":"publish","type":"post","link":"https:\/\/solar895.com\/?p=92","title":{"rendered":"FEID SE MUESTRA AUT\u00c9NTICO Y TRANSMITE LA ESENCIA DEL RAP CL\u00c1SICO DESDE SU VERSATILIDAD ART\u00cdSTICA EN SU NUEVO SENCILLO \u00abANDO XXIL\u00bb"},"content":{"rendered":"\n<figure class=\"wp-block-image size-full is-resized\"><img loading=\"lazy\" decoding=\"async\" width=\"572\" height=\"575\" src=\"https:\/\/solar895.com\/wp-content\/uploads\/2025\/05\/image.png\" alt=\"\" class=\"wp-image-93\" style=\"width:823px;height:auto\" srcset=\"https:\/\/solar895.com\/wp-content\/uploads\/2025\/05\/image.png 572w, https:\/\/solar895.com\/wp-content\/uploads\/2025\/05\/image-298x300.png 298w, https:\/\/solar895.com\/wp-content\/uploads\/2025\/05\/image-150x150.png 150w\" sizes=\"auto, (max-width: 572px) 100vw, 572px\" \/><\/figure>\n\n\n\n<p>El ganador del\u00a0<strong>Latin GRAMMY\u00ae<\/strong>\u00a0y nominado al\u00a0<strong>GRAMMY\u00ae<\/strong>,\u00a0<strong>Feid<\/strong>, presenta su nuevo sencillo<strong><em>\u00a0\u201cANDO XXIL\u201d<\/em><\/strong>, una pieza escrita, producida y ejecutada por \u00e9l mismo que captura con precisi\u00f3n el momento creativo que atraviesa. El sencillo fluye sobre una base minimalista y s\u00f3lida, impulsada por un bajo potente que remite al sonido del rap de los 90s y 2000s, la m\u00fasica con la que Feid creci\u00f3 y que ha moldeado profundamente su identidad sonora. Con estructuras inspiradas en el hip-hop y un lenguaje crudo y directo, la producci\u00f3n, realizada por el propio Feid, \u00a0refleja su habilidad para crear atm\u00f3sferas donde lo cl\u00e1sico y lo contempor\u00e1neo conviven con naturalidad, sin artificios, dejando que la honestidad gu\u00ede cada capa del sonido.\u00a0<em>\u201cANDO XXIL\u201d<\/em>\u00a0ya est\u00e1 disponible en todas las plataformas digitales.<\/p>\n\n\n\n<p>El tema llega acompa\u00f1ado de un videoclip con est\u00e9tica retro de los 2000, cargado de referencias visuales a esa era, y con la participaci\u00f3n especial del legendario skater\u00a0<strong>Tony Hawk<\/strong>, \u00edcono cultural de esa generaci\u00f3n. Desde jugar videojuegos y comer cereal con el legendario skater hasta relajarse con su combo en Italia, el video musical, producido por\u00a0<strong>Sunny Side Up Ideas<\/strong>\u00a0y\u00a0<strong>Stonefire<\/strong>, muestra c\u00f3mo Feid equilibra su camino hacia el estrellato global sin dejar de ser aut\u00e9ntico. Comparte pantalla con un \u00edcono, y a la vez sigue disfrutando con los suyos, manteni\u00e9ndose lowkey y fiel a sus ra\u00edces.<\/p>\n\n\n\n<p>Con versos cargados de introspecci\u00f3n, referencias culturales y c\u00f3digos callejeros, Feid convierte\u00a0<em>\u201cANDO XXIL\u201d<\/em>\u00a0en un desahogo personal. M\u00e1s que una canci\u00f3n, es una declaraci\u00f3n emocional desde un lugar de disciplina y claridad interna. Frases como \u201c<em>No tengo mosa, tengo musa\u201d<\/em>\u00a0y\u00a0<em>\u201cHaciendo barras en el gym y en el estudio\u201d<\/em>\u00a0revelan c\u00f3mo su rutina, su entorno y su prop\u00f3sito est\u00e1n profundamente conectados con su proceso creativo.<\/p>\n\n\n\n<p>Desde principios de a\u00f1o, Feid ha compartido adelantos de su pr\u00f3ximo proyecto musical durante sus ya reconocidos coffee parties en ciudades como Berl\u00edn, Lisboa, Viena, Mil\u00e1n, Madrid y m\u00e1s. Estos encuentros \u00edntimos reflejan su conexi\u00f3n genuina con el p\u00fablico y su habilidad para crear experiencias inolvidables, donde sus fans descubren en primicia fragmentos de lo que viene. El m\u00e1s reciente, celebrado en el vibrante barrio de Wynwood en Miami, reafirma la expectativa que rodea esta nueva etapa: cientos de fans llenaron el espacio a capacidad, mientras muchos m\u00e1s esperaban ansiosamente afuera con la esperanza de ver al artista.\u00a0<em>\u201cANDO XXIL\u201d<\/em>\u00a0no abre un nuevo cap\u00edtulo, sino que representa el n\u00facleo de una visi\u00f3n que Feid ha venido construyendo paso a paso: directa, aut\u00e9ntica y completamente suya.<\/p>\n\n\n\n<p>Feid se sigue consolidando como una figura clave en la m\u00fasica global. Con m\u00e1s de 28 mil millones de streams en Spotify, Feid es actualmente el noveno artista latino m\u00e1s reproducido en la historia de la plataforma. Adem\u00e1s, sigue llevando su m\u00fasica a escenarios internacionales de alto perfil, con presentaciones confirmadas en el\u00a0<strong>Governor\u2019s Ball Festival<\/strong>\u00a0en Nueva York el 7 de junio, en el\u00a0<strong>Wiscansin Fest de T-Pain<\/strong>\u00a0el 14 de junio, y en el prestigioso festival japon\u00e9s\u00a0<strong>Summer Sonic 2025<\/strong>, donde actuar\u00e1 el 17 de agosto en Tokio. Su inclusi\u00f3n en el cartel de este evento, compartiendo espacio con figuras de talla mundial, subraya la magnitud de su impacto global y consolida a\u00fan m\u00e1s la presencia del movimiento latino en los escenarios m\u00e1s importantes del mundo.<\/p>\n","protected":false},"excerpt":{"rendered":"<p>El ganador del\u00a0Latin GRAMMY\u00ae\u00a0y nominado al\u00a0GRAMMY\u00ae,\u00a0Feid, presenta su nuevo sencillo\u00a0\u201cANDO XXIL\u201d, una pieza escrita, producida y ejecutada por \u00e9l mismo que captura<\/p>\n<p class=\"link-more\"><a class=\"myButt \" href=\"https:\/\/solar895.com\/?p=92\">Read More<\/a><\/p>\n","protected":false},"author":2,"featured_media":0,"comment_status":"closed","ping_status":"open","sticky":false,"template":"","format":"standard","meta":{"footnotes":"","jetpack_publicize_message":"","jetpack_publicize_feature_enabled":true,"jetpack_social_post_already_shared":true,"jetpack_social_options":{"image_generator_settings":{"template":"highway","default_image_id":0,"font":"","enabled":false},"version":2}},"categories":[1],"tags":[],"class_list":["post-92","post","type-post","status-publish","format-standard","hentry","category-uncategorized"],"jetpack_publicize_connections":[],"_links":{"self":[{"href":"https:\/\/solar895.com\/index.php?rest_route=\/wp\/v2\/posts\/92","targetHints":{"allow":["GET"]}}],"collection":[{"href":"https:\/\/solar895.com\/index.php?rest_route=\/wp\/v2\/posts"}],"about":[{"href":"https:\/\/solar895.com\/index.php?rest_route=\/wp\/v2\/types\/post"}],"author":[{"embeddable":true,"href":"https:\/\/solar895.com\/index.php?rest_route=\/wp\/v2\/users\/2"}],"replies":[{"embeddable":true,"href":"https:\/\/solar895.com\/index.php?rest_route=%2Fwp%2Fv2%2Fcomments&post=92"}],"version-history":[{"count":1,"href":"https:\/\/solar895.com\/index.php?rest_route=\/wp\/v2\/posts\/92\/revisions"}],"predecessor-version":[{"id":94,"href":"https:\/\/solar895.com\/index.php?rest_route=\/wp\/v2\/posts\/92\/revisions\/94"}],"wp:attachment":[{"href":"https:\/\/solar895.com\/index.php?rest_route=%2Fwp%2Fv2%2Fmedia&parent=92"}],"wp:term":[{"taxonomy":"category","embeddable":true,"href":"https:\/\/solar895.com\/index.php?rest_route=%2Fwp%2Fv2%2Fcategories&post=92"},{"taxonomy":"post_tag","embeddable":true,"href":"https:\/\/solar895.com\/index.php?rest_route=%2Fwp%2Fv2%2Ftags&post=92"}],"curies":[{"name":"wp","href":"https:\/\/api.w.org\/{rel}","templated":true}]}}